{"id":4105,"date":"2025-11-11T12:29:35","date_gmt":"2025-11-11T16:29:35","guid":{"rendered":"https:\/\/funeralesalmendral.cl\/SanFelipeAconcagua\/?p=4105"},"modified":"2025-11-11T12:29:35","modified_gmt":"2025-11-11T16:29:35","slug":"juanita-magdalena-rodriguez-saavedra","status":"publish","type":"post","link":"https:\/\/funeralesalmendral.cl\/SanFelipeAconcagua\/2025\/11\/11\/juanita-magdalena-rodriguez-saavedra\/","title":{"rendered":"JUANITA MAGDALENA RODRIGUEZ SAAVEDRA"},"content":{"rendered":"\n<p>\ud83d\udd6f Con Inmenso dolor nuestra Familia Lamenta comunicar el sensible Fallecimiento de nuestra querida Madre, Abuela, Suegra, Hermana, T\u00eda y Amiga.<\/p>\n\n\n\n<p>\ud83d\udd4a JUANITA MAGDALENA RODRIGUEZ SAAVEDRA \ud83d\udd4a<\/p>\n\n\n\n<figure class=\"wp-block-image size-full\"><img loading=\"lazy\" decoding=\"async\" width=\"664\" height=\"924\" src=\"https:\/\/funeralesalmendral.cl\/SanFelipeAconcagua\/wp-content\/uploads\/2025\/11\/IMG-20251111-WA0004.jpg\" alt=\"\" class=\"wp-image-4106\" srcset=\"https:\/\/funeralesalmendral.cl\/SanFelipeAconcagua\/wp-content\/uploads\/2025\/11\/IMG-20251111-WA0004.jpg 664w, https:\/\/funeralesalmendral.cl\/SanFelipeAconcagua\/wp-content\/uploads\/2025\/11\/IMG-20251111-WA0004-216x300.jpg 216w, https:\/\/funeralesalmendral.cl\/SanFelipeAconcagua\/wp-content\/uploads\/2025\/11\/IMG-20251111-WA0004-230x320.jpg 230w, https:\/\/funeralesalmendral.cl\/SanFelipeAconcagua\/wp-content\/uploads\/2025\/11\/IMG-20251111-WA0004-350x487.jpg 350w, https:\/\/funeralesalmendral.cl\/SanFelipeAconcagua\/wp-content\/uploads\/2025\/11\/IMG-20251111-WA0004-480x668.jpg 480w\" sizes=\"auto, (max-width: 664px) 100vw, 664px\" \/><\/figure>\n\n\n\n<p>Quien falleci\u00f3 el d\u00eda Martes 11 de Noviembre.<\/p>\n\n\n\n<p>Sus Exequias est\u00e1n siendo veladas en el salon velatorio de la Iglesia Andacollo de San Felipe.<\/p>\n\n\n\n<p>Sus funerales se realizaran el d\u00eda Mi\u00e9rcoles 12 Noviembre.<\/p>\n\n\n\n<p>Despu\u00e9s de una misa a las 12:30 horas.<\/p>\n\n\n\n<p>Posteriormente sus exequias ser\u00e1n trasladadas Cementerio Parque el Almendral. Para su Descans\u00f3 Eterno.<\/p>\n\n\n\n<p>Su Familia agradece eternamente las innumerables condolencias y muestras de cari\u00f1o en estos momentos tan dif\u00edciles. \ud83d\udd6f<\/p>\n","protected":false},"excerpt":{"rendered":"<p>\ud83d\udd6f Con Inmenso dolor nuestra Familia Lamenta comunicar el sensible Fallecimiento de nuestra querida Madre, Abuela, Suegra, Hermana, T\u00eda y Amiga. \ud83d\udd4a JUANITA MAGDALENA RODRIGUEZ SAAVEDRA \ud83d\udd4a Quien falleci\u00f3 el d\u00eda Martes 11 de Noviembre. Sus Exequias est\u00e1n siendo veladas en el salon velatorio de la Iglesia Andacollo de San [&hellip;]<\/p>\n","protected":false},"author":2,"featured_media":0,"comment_status":"closed","ping_status":"","sticky":false,"template":"","format":"aside","meta":{"footnotes":""},"categories":[22],"tags":[],"class_list":["post-4105","post","type-post","status-publish","format-aside","hentry","category-obituario","post_format-post-format-aside"],"_links":{"self":[{"href":"https:\/\/funeralesalmendral.cl\/SanFelipeAconcagua\/wp-json\/wp\/v2\/posts\/4105","targetHints":{"allow":["GET"]}}],"collection":[{"href":"https:\/\/funeralesalmendral.cl\/SanFelipeAconcagua\/wp-json\/wp\/v2\/posts"}],"about":[{"href":"https:\/\/funeralesalmendral.cl\/SanFelipeAconcagua\/wp-json\/wp\/v2\/types\/post"}],"author":[{"embeddable":true,"href":"https:\/\/funeralesalmendral.cl\/SanFelipeAconcagua\/wp-json\/wp\/v2\/users\/2"}],"replies":[{"embeddable":true,"href":"https:\/\/funeralesalmendral.cl\/SanFelipeAconcagua\/wp-json\/wp\/v2\/comments?post=4105"}],"version-history":[{"count":1,"href":"https:\/\/funeralesalmendral.cl\/SanFelipeAconcagua\/wp-json\/wp\/v2\/posts\/4105\/revisions"}],"predecessor-version":[{"id":4107,"href":"https:\/\/funeralesalmendral.cl\/SanFelipeAconcagua\/wp-json\/wp\/v2\/posts\/4105\/revisions\/4107"}],"wp:attachment":[{"href":"https:\/\/funeralesalmendral.cl\/SanFelipeAconcagua\/wp-json\/wp\/v2\/media?parent=4105"}],"wp:term":[{"taxonomy":"category","embeddable":true,"href":"https:\/\/funeralesalmendral.cl\/SanFelipeAconcagua\/wp-json\/wp\/v2\/categories?post=4105"},{"taxonomy":"post_tag","embeddable":true,"href":"https:\/\/funeralesalmendral.cl\/SanFelipeAconcagua\/wp-json\/wp\/v2\/tags?post=4105"}],"curies":[{"name":"wp","href":"https:\/\/api.w.org\/{rel}","templated":true}]}}